{"id":972,"date":"2024-11-24T19:55:18","date_gmt":"2024-11-24T19:55:18","guid":{"rendered":"http:\/\/foerderkreis-arco-iris.de\/?p=972"},"modified":"2024-11-24T19:55:18","modified_gmt":"2024-11-24T19:55:18","slug":"weihnachtsmarkt-2024","status":"publish","type":"post","link":"http:\/\/foerderkreis-arco-iris.de\/index.php\/weihnachtsmarkt-2024\/","title":{"rendered":"Weihnachtsmarkt 2024"},"content":{"rendered":"<h2>Weihnachtsmarkt f\u00fcr den guten Zweck \u2013 Unterst\u00fctzen Sie<br \/>\ndie Stra\u00dfenkinder in Bolivien!<\/h2>\n<p>Der F\u00f6rderkreis Arco Iris der Pfarrgemeinde Steinhaus\/Steinau e.V. blickt auf<br \/>\n\u00fcber 20 Jahre Hilfe f\u00fcr die Stra\u00dfenkinder der Fundacion Arco Iris in La Paz,<br \/>\nBolivien, zur\u00fcck. Gegr\u00fcndet von Pfarrer Josef M. Neuenhofer im Jahr 1994,<br \/>\nunterst\u00fctzt die Stiftung benachteiligte Kinder und Jugendliche vor Ort.<br \/>\nUnser Weihnachtsmarkt findet in diesem Jahr am <strong>Samstag, den 7. Dezember<\/strong>,<br \/>\nstatt und beginnt mit einem Familiengottesdienst um <strong>17 Uhr in der Kirche in<\/strong><br \/>\n<strong>Steinau<\/strong>. Ab <strong>18 Uhr \u00f6ffnet der Weihnachtsmarkt vor dem Giso von Steinau-Haus<\/strong><br \/>\ndann seine Pforten.<!--more--><br \/>\nEs erwarten Sie Leckereien wie gebrannte Mandeln, frische Waffeln, unsere<br \/>\nbegehrte Champignon-Pfanne, Gl\u00fchwein und herzhafte Bratw\u00fcrstchen. Auch<br \/>\nder Nikolaus hat sich wieder angek\u00fcndigt, was besonders unsere kleinen G\u00e4ste<br \/>\nbegeistern wird.<br \/>\nDer gesamte Erl\u00f6s des Weihnachtsmarkts flie\u00dft direkt in die Arbeit des<br \/>\nF\u00f6rderkreises Arco Iris und unterst\u00fctzt die Stra\u00dfenkinder in Bolivien. Mit Ihrem<br \/>\nBesuch tun Sie nicht nur sich selbst etwas Gutes, sondern helfen auch dort, wo<br \/>\nes am dringendsten gebraucht wird.<br \/>\nWir freuen uns auf Sie und bedanken uns f\u00fcr Ihre Unterst\u00fctzung!<\/p>\n<p><img loading=\"lazy\" decoding=\"async\" class=\"aligncenter size-full wp-image-974\" src=\"http:\/\/foerderkreis-arco-iris.de\/wp-content\/uploads\/2024\/11\/2023-11-08-Weihnachtsmarkt_Social_Media.png\" alt=\"\" width=\"842\" height=\"1191\" srcset=\"http:\/\/foerderkreis-arco-iris.de\/wp-content\/uploads\/2024\/11\/2023-11-08-Weihnachtsmarkt_Social_Media.png 842w, http:\/\/foerderkreis-arco-iris.de\/wp-content\/uploads\/2024\/11\/2023-11-08-Weihnachtsmarkt_Social_Media-212x300.png 212w, http:\/\/foerderkreis-arco-iris.de\/wp-content\/uploads\/2024\/11\/2023-11-08-Weihnachtsmarkt_Social_Media-724x1024.png 724w, http:\/\/foerderkreis-arco-iris.de\/wp-content\/uploads\/2024\/11\/2023-11-08-Weihnachtsmarkt_Social_Media-768x1086.png 768w, http:\/\/foerderkreis-arco-iris.de\/wp-content\/uploads\/2024\/11\/2023-11-08-Weihnachtsmarkt_Social_Media-710x1004.png 710w\" sizes=\"auto, (max-width: 842px) 100vw, 842px\" \/><\/p>\n","protected":false},"excerpt":{"rendered":"<h2>Weihnachtsmarkt f\u00fcr den guten Zweck \u2013 Unterst\u00fctzen Sie<br \/>\ndie Stra\u00dfenkinder in Bolivien!<\/h2>\n<p>Der F\u00f6rderkreis Arco Iris der Pfarrgemeinde Steinhaus\/Steinau e.V. blickt auf<br \/>\n\u00fcber 20 Jahre Hilfe f\u00fcr die Stra\u00dfenkinder der Fundacion Arco Iris in La Paz,<br \/>\nBolivien, zur\u00fcck. Gegr\u00fcndet von Pfarrer Josef M. Neuenhofer im Jahr 1994,<br \/>\nunterst\u00fctzt die Stiftung benachteiligte Kinder und Jugendliche vor Ort.<br \/>\nUnser Weihnachtsmarkt findet in diesem Jahr am <strong>Samstag, den 7. Dezember<\/strong>,<br \/>\nstatt und beginnt mit einem Familiengottesdienst um <strong>17 Uhr in der Kirche in<\/strong><br \/>\n<strong>Steinau<\/strong>. Ab <strong>18 Uhr \u00f6ffnet der Weihnachtsmarkt vor dem Giso von Steinau-Haus<\/strong><br \/>\ndann seine Pforten. <a href=\"http:\/\/foerderkreis-arco-iris.de\/index.php\/weihnachtsmarkt-2024\/#more-972\" class=\"more-link\"><span aria-label=\"Weihnachtsmarkt 2024 weiterlesen\">(mehr\u00a0&hellip;)<\/span><\/a><\/p>\n","protected":false},"author":1,"featured_media":973,"comment_status":"closed","ping_status":"closed","sticky":false,"template":"","format":"standard","meta":{"ngg_post_thumbnail":0,"footnotes":""},"categories":[7,1],"tags":[],"class_list":["post-972","post","type-post","status-publish","format-standard","has-post-thumbnail","hentry","category-aktuelles","category-allgemein","col-sm-6"],"_links":{"self":[{"href":"http:\/\/foerderkreis-arco-iris.de\/index.php\/wp-json\/wp\/v2\/posts\/972","targetHints":{"allow":["GET"]}}],"collection":[{"href":"http:\/\/foerderkreis-arco-iris.de\/index.php\/wp-json\/wp\/v2\/posts"}],"about":[{"href":"http:\/\/foerderkreis-arco-iris.de\/index.php\/wp-json\/wp\/v2\/types\/post"}],"author":[{"embeddable":true,"href":"http:\/\/foerderkreis-arco-iris.de\/index.php\/wp-json\/wp\/v2\/users\/1"}],"replies":[{"embeddable":true,"href":"http:\/\/foerderkreis-arco-iris.de\/index.php\/wp-json\/wp\/v2\/comments?post=972"}],"version-history":[{"count":0,"href":"http:\/\/foerderkreis-arco-iris.de\/index.php\/wp-json\/wp\/v2\/posts\/972\/revisions"}],"wp:featuredmedia":[{"embeddable":true,"href":"http:\/\/foerderkreis-arco-iris.de\/index.php\/wp-json\/wp\/v2\/media\/973"}],"wp:attachment":[{"href":"http:\/\/foerderkreis-arco-iris.de\/index.php\/wp-json\/wp\/v2\/media?parent=972"}],"wp:term":[{"taxonomy":"category","embeddable":true,"href":"http:\/\/foerderkreis-arco-iris.de\/index.php\/wp-json\/wp\/v2\/categories?post=972"},{"taxonomy":"post_tag","embeddable":true,"href":"http:\/\/foerderkreis-arco-iris.de\/index.php\/wp-json\/wp\/v2\/tags?post=972"}],"curies":[{"name":"wp","href":"https:\/\/api.w.org\/{rel}","templated":true}]}}