{"id":949,"date":"2019-11-23T14:28:24","date_gmt":"2019-11-23T14:28:24","guid":{"rendered":"http:\/\/foerderkreis-arco-iris.de\/?p=949"},"modified":"2022-12-01T07:36:59","modified_gmt":"2022-12-01T07:36:59","slug":"weihnachtsmarkt-2019","status":"publish","type":"post","link":"http:\/\/foerderkreis-arco-iris.de\/index.php\/weihnachtsmarkt-2019\/","title":{"rendered":"Weihnachtsmarkt 2019"},"content":{"rendered":"<p>Auch in diesem Jahr findet wieder unser j\u00e4hrlicher Weihnachtsmarkt statt. Rund um die Steinauer Kirche k\u00f6nnen Sie die vorweihnachtliche Atmosph\u00e4re bei Grillw\u00fcrstchen, Gl\u00fchwein und leckeren Waffeln genie\u00dfen.Bei musikalischer Unterhaltung durch die Blechmucke des Musikverein Steinau\/Steinhaus kommt auch der Nikolaus wieder zu Besuch. <!--more--><\/p>\n<p><img loading=\"lazy\" decoding=\"async\" class=\"aligncenter size-full wp-image-950\" src=\"http:\/\/foerderkreis-arco-iris.de\/wp-content\/uploads\/2019\/11\/weihnachtsmarkt2019.jpg\" alt=\"\" width=\"1125\" height=\"1625\"><\/p>\n","protected":false},"excerpt":{"rendered":"<p>Auch in diesem Jahr findet wieder unser j\u00e4hrlicher Weihnachtsmarkt statt. Rund um die Steinauer Kirche k\u00f6nnen Sie die vorweihnachtliche Atmosph\u00e4re bei Grillw\u00fcrstchen, Gl\u00fchwein und leckeren Waffeln genie\u00dfen.Bei musikalischer Unterhaltung durch die Blechmucke des Musikverein Steinau\/Steinhaus kommt auch der Nikolaus wieder zu Besuch.  <a href=\"http:\/\/foerderkreis-arco-iris.de\/index.php\/weihnachtsmarkt-2019\/#more-949\" class=\"more-link\"><span aria-label=\"Weihnachtsmarkt 2019 weiterlesen\">(mehr\u00a0&hellip;)<\/span><\/a><\/p>\n","protected":false},"author":1,"featured_media":950,"comment_status":"closed","ping_status":"closed","sticky":false,"template":"","format":"standard","meta":{"ngg_post_thumbnail":0,"footnotes":""},"categories":[],"tags":[],"class_list":["post-949","post","type-post","status-publish","format-standard","has-post-thumbnail","hentry","col-sm-6"],"_links":{"self":[{"href":"http:\/\/foerderkreis-arco-iris.de\/index.php\/wp-json\/wp\/v2\/posts\/949","targetHints":{"allow":["GET"]}}],"collection":[{"href":"http:\/\/foerderkreis-arco-iris.de\/index.php\/wp-json\/wp\/v2\/posts"}],"about":[{"href":"http:\/\/foerderkreis-arco-iris.de\/index.php\/wp-json\/wp\/v2\/types\/post"}],"author":[{"embeddable":true,"href":"http:\/\/foerderkreis-arco-iris.de\/index.php\/wp-json\/wp\/v2\/users\/1"}],"replies":[{"embeddable":true,"href":"http:\/\/foerderkreis-arco-iris.de\/index.php\/wp-json\/wp\/v2\/comments?post=949"}],"version-history":[{"count":0,"href":"http:\/\/foerderkreis-arco-iris.de\/index.php\/wp-json\/wp\/v2\/posts\/949\/revisions"}],"wp:featuredmedia":[{"embeddable":true,"href":"http:\/\/foerderkreis-arco-iris.de\/index.php\/wp-json\/wp\/v2\/media\/950"}],"wp:attachment":[{"href":"http:\/\/foerderkreis-arco-iris.de\/index.php\/wp-json\/wp\/v2\/media?parent=949"}],"wp:term":[{"taxonomy":"category","embeddable":true,"href":"http:\/\/foerderkreis-arco-iris.de\/index.php\/wp-json\/wp\/v2\/categories?post=949"},{"taxonomy":"post_tag","embeddable":true,"href":"http:\/\/foerderkreis-arco-iris.de\/index.php\/wp-json\/wp\/v2\/tags?post=949"}],"curies":[{"name":"wp","href":"https:\/\/api.w.org\/{rel}","templated":true}]}}