{"id":768,"date":"2014-12-04T14:48:02","date_gmt":"2014-12-04T14:48:02","guid":{"rendered":"http:\/\/foerderkreis-arco-iris.de\/?p=768"},"modified":"2017-08-14T11:29:54","modified_gmt":"2017-08-14T11:29:54","slug":"unser-taegliches-brot-gib-uns-heute","status":"publish","type":"post","link":"http:\/\/foerderkreis-arco-iris.de\/index.php\/unser-taegliches-brot-gib-uns-heute\/","title":{"rendered":"&#8220; .. unser t\u00e4gliches Brot gib&#8216; uns heute .. &#8220;"},"content":{"rendered":"<div class=\"sharebar\">Anfang November haben wir &#8218;Todos los Santos&#8216; (Allerheiligen) gefeiert.<\/div>\n<p>Im Vergleich zu Deutschland hat dieser Feiertag hier in Bolivien eine ganz andere, h\u00f6here Bedeutung und ist so traditionsreich, dass ich ihn euch nicht vorenthalten mag:<\/p>\n<p>Man glaubt, dass in diesen Tagen die Geister der Toten auf die Erde kommen und man sich f\u00fcr ein paar Stunden mit ihnen unterhalten kann, weshalb man alles f\u00fcr deren Ankunft vorbereitet. Und das ist ein riesen Aufwand!<!--more--><\/p>\n<p>Bereits am Freitag wird in den Haushalten, in denen innerhalb der letzten 3 Jahre eine Person verstorben ist, angefangen, Brot zu backen. Aber nicht irgendwelches Brot, sondern Brot-Figuren mit eingedr\u00fcckten Tongesichtern, die die jeweilige verstorbene Person darstellen sollen.<br \/>\nAm Samstag wird dann ein Gabentisch gedeckt, nat\u00fcrlich mit ganz viel Brot, S\u00fc\u00dfigkeiten, Fr\u00fcchten und all den Lieblingsspeisen des Verstorbenen, um diesen zu empfangen.<br \/>\nMan glaubt, dass ab 12 Uhr mittags der Geist des Toten 24 Stunden lang anwesend ist, und man mit ihm essen und reden kann.<br \/>\nAm Sonntag dann werden um 12 Uhr all die S\u00fc\u00dfigkeiten, das Brot, die Fr\u00fcchte und der ganze Rest auf den Friedhof gebracht und ans Grab des Toten gelegt.<br \/>\nDort baut man dann einen kleinen (oder gro\u00dfen) Altar auf und wartet, dass andere Leute ein Gebet f\u00fcr den jeweiligen Toten sprechen. F\u00fcr die Anteilnahmen erh\u00e4lt derjenige dann eine Gabe vom Altar.<\/p>\n<p>Das lie\u00dfen wir Volont\u00e4re uns nat\u00fcrlich nicht entgehen und wollten mit diesem Hintergrundwissen die bolivianische Kultur noch ein St\u00fcck weit besser kennenlernen.<br \/>\nDa man uns sagte, dass die Tradition auf dem Land noch viel st\u00e4rker ausgepr\u00e4gt sei, sind wir zu 5. aus der Gro\u00dfstadt La Paz in das kleine D\u00f6rfchen Viacha gefahren.<br \/>\nMit dem was uns da erwartete, hatte wohl keiner von uns gerechnet.<\/p>\n<p>Wer denk, dass &#8218;Todos los Santos&#8216; ein Trauerfest ist oder gar so &#8217;steif&#8216; wie in Deutschland gefeiert wird, den werde ich nun vom besseren belehren.<br \/>\nDer Friedhof war wie ein Sch\u00fctzenfest! Man konnte Trampolinspringen, Riesenradfahren &#8211; und alle Gr\u00e4ber waren bunt und fr\u00f6hlich geschm\u00fcckt.<br \/>\nSchon au\u00dferhalb des Friedhofs waren Stra\u00dfen voll mit Alt\u00e4ren und Gedenkst\u00e4tten f\u00fcr verstorbene Personen, sodass es uns innerhalb der 3 Stunden die wir in Viacha verbrachten nicht m\u00f6glich war, auch nur den Friedhof zu betreten.<\/p>\n<p>Anfangs noch etwas z\u00f6gerlich und unbeholfen, wussten wir nicht so recht wie wir uns verhalten sollten &#8211; auch wenn das Prinzip klar war. Man geht zu einem Grab, fragt wie der Tote hei\u00dft, betet 3 Mal das Vater unser und kriegt als Dankesch\u00f6n daf\u00fcr Brot.<br \/>\nTrotzdem war es anfangs wirklich sehr unangenehm, da wir es von Deutschland einfach nicht kannten.<br \/>\nAber nach kurzer Zeit bl\u00fchten wir auf und die Leute scheinbar auch. Es wurde sich regelrecht um und &#8218;Wei\u00dfen&#8216; gerissen; wir wurden von einem Altar zum anderen gezogen, ausgefragt, fotografiert und interviewt. Und dies mit der Bitte, nicht nur 3x f\u00fcr die verstorbene Mutter zu beten, sondern auch noch f\u00fcr Vater, Opa, Oma, Bruder, Schwester &#8230; &#8211; sodass nicht selten 18x das Vater unser aufgesagt wurde &#8211; und die Zunge sich ganz automatisch verknotet.<br \/>\nErst gegen Ende unseres Friedhofbesuches fiel mir daher angesichts des Sackes voller Brot, den wir schon zusammen gebetet hatten, die Wahrhaftigkeit des der Phrase &#8220;&#8217;&#8230; unser t\u00e4gliches Brot gib uns heute&#8220; auf, und so konnte ich mir w\u00e4hrend des 100. Vater Unser ein kleines Grinsen irgendwann nicht mehr verkneifen.<br \/>\nNein, &#8220;allt\u00e4glich&#8220; war das wohl wirklich nicht, sonst h\u00e4tten wir nicht jetzt noch, ca. 1 Monat nach Allerheiligen, Massen von hartem Brot, was auf seine Verarbeitung wartet.<\/p>\n<p>&nbsp;<\/p>\n<p><a href=\"http:\/\/foerderkreis-arco-iris.de\/wp-content\/uploads\/2014\/12\/dscn1117.jpg\"><img loading=\"lazy\" decoding=\"async\" class=\"alignnone wp-image-769 size-medium\" src=\"http:\/\/foerderkreis-arco-iris.de\/wp-content\/uploads\/2014\/12\/dscn1117-300x225.jpg\" alt=\"DSCN1117\" width=\"300\" height=\"225\" srcset=\"http:\/\/foerderkreis-arco-iris.de\/wp-content\/uploads\/2014\/12\/dscn1117-300x225.jpg 300w, http:\/\/foerderkreis-arco-iris.de\/wp-content\/uploads\/2014\/12\/dscn1117-1024x768.jpg 1024w, http:\/\/foerderkreis-arco-iris.de\/wp-content\/uploads\/2014\/12\/dscn1117-190x142.jpg 190w, http:\/\/foerderkreis-arco-iris.de\/wp-content\/uploads\/2014\/12\/dscn1117-60x45.jpg 60w, http:\/\/foerderkreis-arco-iris.de\/wp-content\/uploads\/2014\/12\/dscn1117-400x300.jpg 400w\" sizes=\"auto, (max-width: 300px) 100vw, 300px\" \/><\/a><\/p>\n<figure id=\"attachment_771\" aria-describedby=\"caption-attachment-771\" style=\"width: 300px\" class=\"wp-caption alignnone\"><a href=\"http:\/\/foerderkreis-arco-iris.de\/wp-content\/uploads\/2014\/12\/altar.jpg\"><img loading=\"lazy\" decoding=\"async\" class=\"wp-image-771 size-medium\" src=\"http:\/\/foerderkreis-arco-iris.de\/wp-content\/uploads\/2014\/12\/altar-300x224.jpg\" alt=\"\" width=\"300\" height=\"224\" srcset=\"http:\/\/foerderkreis-arco-iris.de\/wp-content\/uploads\/2014\/12\/altar-300x224.jpg 300w, http:\/\/foerderkreis-arco-iris.de\/wp-content\/uploads\/2014\/12\/altar-190x142.jpg 190w, http:\/\/foerderkreis-arco-iris.de\/wp-content\/uploads\/2014\/12\/altar-60x44.jpg 60w, http:\/\/foerderkreis-arco-iris.de\/wp-content\/uploads\/2014\/12\/altar.jpg 363w\" sizes=\"auto, (max-width: 300px) 100vw, 300px\" \/><\/a><figcaption id=\"caption-attachment-771\" class=\"wp-caption-text\">Ein geschm\u00fcckter (kleiner!) Altar<\/figcaption><\/figure>\n<figure id=\"attachment_770\" aria-describedby=\"caption-attachment-770\" style=\"width: 300px\" class=\"wp-caption alignnone\"><a href=\"http:\/\/foerderkreis-arco-iris.de\/wp-content\/uploads\/2014\/12\/volos.jpg\"><img loading=\"lazy\" decoding=\"async\" class=\"wp-image-770 size-medium\" src=\"http:\/\/foerderkreis-arco-iris.de\/wp-content\/uploads\/2014\/12\/volos-300x225.jpg\" alt=\"\" width=\"300\" height=\"225\" srcset=\"http:\/\/foerderkreis-arco-iris.de\/wp-content\/uploads\/2014\/12\/volos-300x225.jpg 300w, http:\/\/foerderkreis-arco-iris.de\/wp-content\/uploads\/2014\/12\/volos-1024x768.jpg 1024w, http:\/\/foerderkreis-arco-iris.de\/wp-content\/uploads\/2014\/12\/volos-190x142.jpg 190w, http:\/\/foerderkreis-arco-iris.de\/wp-content\/uploads\/2014\/12\/volos-60x45.jpg 60w, http:\/\/foerderkreis-arco-iris.de\/wp-content\/uploads\/2014\/12\/volos-400x300.jpg 400w\" sizes=\"auto, (max-width: 300px) 100vw, 300px\" \/><\/a><figcaption id=\"caption-attachment-770\" class=\"wp-caption-text\">Gruppen-Endbild mit &#8218;Ausbeute&#8216;<\/figcaption><\/figure>\n<figure id=\"attachment_772\" aria-describedby=\"caption-attachment-772\" style=\"width: 300px\" class=\"wp-caption alignnone\"><a href=\"http:\/\/foerderkreis-arco-iris.de\/wp-content\/uploads\/2014\/12\/dscn1109.jpg\"><img loading=\"lazy\" decoding=\"async\" class=\"wp-image-772 size-medium\" src=\"http:\/\/foerderkreis-arco-iris.de\/wp-content\/uploads\/2014\/12\/dscn1109-300x225.jpg\" alt=\"DSCN1109\" width=\"300\" height=\"225\" srcset=\"http:\/\/foerderkreis-arco-iris.de\/wp-content\/uploads\/2014\/12\/dscn1109-300x225.jpg 300w, http:\/\/foerderkreis-arco-iris.de\/wp-content\/uploads\/2014\/12\/dscn1109-1024x768.jpg 1024w, http:\/\/foerderkreis-arco-iris.de\/wp-content\/uploads\/2014\/12\/dscn1109-190x142.jpg 190w, http:\/\/foerderkreis-arco-iris.de\/wp-content\/uploads\/2014\/12\/dscn1109-60x45.jpg 60w, http:\/\/foerderkreis-arco-iris.de\/wp-content\/uploads\/2014\/12\/dscn1109-400x300.jpg 400w\" sizes=\"auto, (max-width: 300px) 100vw, 300px\" \/><\/a><figcaption id=\"caption-attachment-772\" class=\"wp-caption-text\">Der Friedhofsvorplatz; rechts: Ein Riesenrad<\/figcaption><\/figure>\n","protected":false},"excerpt":{"rendered":"<div class=\"sharebar\">Anfang November haben wir &#8218;Todos los Santos&#8216; (Allerheiligen) gefeiert.<\/div>\n<p>Im Vergleich zu Deutschland hat dieser Feiertag hier in Bolivien eine ganz andere, h\u00f6here Bedeutung und ist so traditionsreich, dass ich ihn euch nicht vorenthalten mag:<\/p>\n<p>Man glaubt, dass in diesen Tagen die Geister der Toten auf die Erde kommen und man sich f\u00fcr ein paar Stunden mit ihnen unterhalten kann, weshalb man alles f\u00fcr deren Ankunft vorbereitet. Und das ist ein riesen Aufwand! <a href=\"http:\/\/foerderkreis-arco-iris.de\/index.php\/unser-taegliches-brot-gib-uns-heute\/#more-768\" class=\"more-link\"><span aria-label=\"&#8220; .. unser t\u00e4gliches Brot gib&#8216; uns heute .. &#8220; weiterlesen\">(mehr\u00a0&hellip;)<\/span><\/a><\/p>\n","protected":false},"author":666667,"featured_media":771,"comment_status":"closed","ping_status":"closed","sticky":false,"template":"","format":"standard","meta":{"ngg_post_thumbnail":0,"footnotes":""},"categories":[6],"tags":[],"class_list":["post-768","post","type-post","status-publish","format-standard","has-post-thumbnail","hentry","category-carina-berichtet-aus-bolivien","col-sm-6"],"_links":{"self":[{"href":"http:\/\/foerderkreis-arco-iris.de\/index.php\/wp-json\/wp\/v2\/posts\/768","targetHints":{"allow":["GET"]}}],"collection":[{"href":"http:\/\/foerderkreis-arco-iris.de\/index.php\/wp-json\/wp\/v2\/posts"}],"about":[{"href":"http:\/\/foerderkreis-arco-iris.de\/index.php\/wp-json\/wp\/v2\/types\/post"}],"author":[{"embeddable":true,"href":"http:\/\/foerderkreis-arco-iris.de\/index.php\/wp-json\/wp\/v2\/users\/666667"}],"replies":[{"embeddable":true,"href":"http:\/\/foerderkreis-arco-iris.de\/index.php\/wp-json\/wp\/v2\/comments?post=768"}],"version-history":[{"count":0,"href":"http:\/\/foerderkreis-arco-iris.de\/index.php\/wp-json\/wp\/v2\/posts\/768\/revisions"}],"wp:featuredmedia":[{"embeddable":true,"href":"http:\/\/foerderkreis-arco-iris.de\/index.php\/wp-json\/wp\/v2\/media\/771"}],"wp:attachment":[{"href":"http:\/\/foerderkreis-arco-iris.de\/index.php\/wp-json\/wp\/v2\/media?parent=768"}],"wp:term":[{"taxonomy":"category","embeddable":true,"href":"http:\/\/foerderkreis-arco-iris.de\/index.php\/wp-json\/wp\/v2\/categories?post=768"},{"taxonomy":"post_tag","embeddable":true,"href":"http:\/\/foerderkreis-arco-iris.de\/index.php\/wp-json\/wp\/v2\/tags?post=768"}],"curies":[{"name":"wp","href":"https:\/\/api.w.org\/{rel}","templated":true}]}}