{"id":708,"date":"2014-08-06T23:48:26","date_gmt":"2014-08-06T23:48:26","guid":{"rendered":"http:\/\/foerderkreis-arco-iris.de\/?p=708"},"modified":"2017-08-14T11:31:40","modified_gmt":"2017-08-14T11:31:40","slug":"die-erste-woche-in-la-paz","status":"publish","type":"post","link":"http:\/\/foerderkreis-arco-iris.de\/index.php\/die-erste-woche-in-la-paz\/","title":{"rendered":"Die erste Woche in La Paz"},"content":{"rendered":"<p>Hola!<\/p>\n<p>Seit ca. 1 Woche befinde ich mich nun auf bolivianischem Boden. Nach dem Start am Flughafen Frankfurt und einer Zwischenlandung in Bogogta bin ich mit meinen 16 anderen Mitvolunt\u00e4ren am Mittwoch, den 30.7. um 4 Uhr Morgens (Ortszeit) sicher am Flughafen in &#8218;El Alto&#8216; gelandet. Empfangen von unserer Volunt\u00e4rsbetreuerin Verena (und dem ein oder anderen streunernden Stra\u00dfenhund) brachten uns unsere Busfahrer Pablo und Paulo zun\u00e4chst in unsere Unterkunft nach La Paz.<!--more--><\/p>\n<p>Unsere Freiwilligengruppe ist in 2 Wohngemeinschaften eingeteilt. Ich wohne in der Wohung auf dem Gel\u00e4nde des M\u00e4chenheims (&#8218;Hogar Ninjas Obrajes&#8216;) der Fundacion, die andere Gruppe und 2 weitere amerikanische Volunt\u00e4re in einem Haus ca. 20 Laufminuten entfernt.<\/p>\n<p>Da die H\u00e4user weder \u00fcber eine Heizung verf\u00fcgen, noch isoliert sind und in Bolivien momentan Winter ist, ist es nachts sehr kalt. Geschlafen wird deshalb mit vielen Decken, Schlafsack, Jacken, 3 paar Str\u00fcmpfen und W\u00e4rmflasche. Im Gegensatz dazu ist es tags\u00fcber in der Sonne (nur in der Sonne (!), nicht im Haus *bibber*) dann schon wieder so warm, dass man im T-Shirt rausgehen kann, sodass das Tragen von &#8218;Zwiebelschichten&#8216; von Vorteil ist.<\/p>\n<p>Die ersten Tage hier in La Paz haben wir wegen der H\u00f6hen und des Jetlags etwas ruhiger angehen lassen. Das bedeutet viel Schlaf und wenig Bewegung. Au\u00dferdem mussten noch viele Sachen f\u00fcr das Visa gekl\u00e4rt werden, was viel Zeit und Nerven in Anspruch genommen hat.<\/p>\n<p>Seit Montag schauen wir uns nun t\u00e4glich 1-2 Projekte der Fundacion an. So waren wir z.b. schon im Casa Esperanza (Jungenheim), Centro Juvenil (Jugendzentrum), und in Betania (Schule, Kindergarten, Ganztagsbetreuung). Am Donnerstag und am Freitag werden wir dann noch die restlichen Projekte besuchen, bevor dann am Wochenende die entschieden wird, wer von den Volunt\u00e4ren in welchem Projekt arbeitet. Am Montag bzw. Dienstag werden wir dann unseren ersten Projekttag haben.<\/p>\n<p>Heute (Mittwoch) war bzw. ist in Bolivien Nationalfeiertag, sodass alle L\u00e4den, Schulen etc. geschlossen haben. Durch die Stra\u00dfen ziehen dann rie\u00dfige Millit\u00e4rparaden und farbenfrohe Umz\u00fcge und alles ist ein recht gro\u00dfes Spektakel. Leider ist der Umzug dieses Jahr etwas kleiner ausgefallen, da der President Evo Morales im Krankenhaus liegt. Ich selber habe mir den kleineren Umzug aber trotzdem&nbsp;nicht angeschaut.<\/p>\n<p>Stattdessen habe ich am fr\u00fchen Morgen mit 4 Mitvolunt\u00e4ren und weiteren Freiwilligen der Organisation HOPE ein warmes Fr\u00fchst\u00fcck an bed\u00fcrftige Familien verteilt. Die Aktion fand am &#8218;Bahnhof&#8216; von La Paz, wo die Regierung Familien von der Stra\u00dfe im Winter nachts \u00fcbergangsweise ein Dach \u00fcber dem Kopf zur Verf\u00fcgung stellt.<br \/>\nAls wir dort ankamen, bot sich uns ein Bild des Elends. M\u00fctter und abgemagerte Kinder lebten zusammen in einer Abstellhalle; vereinzelt ausgestattet mit Gummimatrazen. Es war sehr kalt und vor allem die Kinder hatten kaum dicke Kleidung, Schuhe und Str\u00fcmpfe. Von den insgesamt 20 Helfern bekamen die Familien dann ein warmes Fr\u00fchst\u00fcck, z.T. wurden noch Schuhe und Str\u00fcmpfe gekauft&nbsp;und einfach mit den Menschen geredet und gespielt. Am Freitagabend besuchen wir die Familien in der Abstellhalle&nbsp;ein letztes Mal, um ihnen noch fehlende Schuhe, Decken, Str\u00fcmpfe, etc. vorbeizubringen. Am Samstag wird die Halle dann geschlossen, und die Familien m\u00fcssen zuk\u00fcnftig wieder auf der Stra\u00dfe leben, da jetzt bald wieder der Fr\u00fchling anf\u00e4ngt.<\/p>\n<p>Nach dem eindrucksreichen Morgen beschlossen wir dann uns nicht die farbenfrohen Umz\u00fcge anzuschauen, sondern stattdessen lieber mit einigen Volunt\u00e4ren von HOPE und ein paar Einheimischen auf den &#8218;Muela del Diablo&#8216; (Berg bei La Paz, auch &#8218;Teufelszahn&#8216; genannt) zu wandern. Das ganze war entsprechend der H\u00f6he sehr anstrengend und lustig, aber hat sich dennoch sehr gelohnt!<\/p>\n<p>Ich hoffe ihr habt jetzt ein ungef\u00e4hres Bild davon, was ich die letzte Woche hier so getrieben habe. Leider ist meine Internetverbindung nicht die Beste, aber ich bem\u00fche mich, dass die n\u00e4chsten Eintr\u00e4ge nicht lange auf sich warten lassen.<\/p>\n<p>Unten&nbsp;habe ich euch noch ein paar ein Bilder eingef\u00fcgt; viel Spa\u00df beim Anschauen.<\/p>\n<p>Recuerdos de La Paz,<\/p>\n<p>Carina<\/p>\n<p>&nbsp;<\/p>\n<figure id=\"attachment_709\" aria-describedby=\"caption-attachment-709\" style=\"width: 225px\" class=\"wp-caption alignnone\"><a href=\"http:\/\/foerderkreis-arco-iris.de\/wp-content\/uploads\/2014\/08\/img_20140730_014445.jpg\"><img loading=\"lazy\" decoding=\"async\" class=\"size-medium wp-image-709\" src=\"http:\/\/foerderkreis-arco-iris.de\/wp-content\/uploads\/2014\/08\/img_20140730_014445-225x300.jpg\" alt=\"La Paz bei Nacht (Vogelperspektive)\" width=\"225\" height=\"300\" srcset=\"http:\/\/foerderkreis-arco-iris.de\/wp-content\/uploads\/2014\/08\/img_20140730_014445-225x300.jpg 225w, http:\/\/foerderkreis-arco-iris.de\/wp-content\/uploads\/2014\/08\/img_20140730_014445-768x1024.jpg 768w, http:\/\/foerderkreis-arco-iris.de\/wp-content\/uploads\/2014\/08\/img_20140730_014445-600x800.jpg 600w, http:\/\/foerderkreis-arco-iris.de\/wp-content\/uploads\/2014\/08\/img_20140730_014445-142x190.jpg 142w, http:\/\/foerderkreis-arco-iris.de\/wp-content\/uploads\/2014\/08\/img_20140730_014445-60x80.jpg 60w, http:\/\/foerderkreis-arco-iris.de\/wp-content\/uploads\/2014\/08\/img_20140730_014445-251x335.jpg 251w\" sizes=\"auto, (max-width: 225px) 100vw, 225px\" \/><\/a><figcaption id=\"caption-attachment-709\" class=\"wp-caption-text\">La Paz bei Nacht (Vogelperspektive)<\/figcaption><\/figure>\n<figure id=\"attachment_712\" aria-describedby=\"caption-attachment-712\" style=\"width: 300px\" class=\"wp-caption alignnone\"><a href=\"http:\/\/foerderkreis-arco-iris.de\/wp-content\/uploads\/2014\/08\/p8020389.jpg\"><img loading=\"lazy\" decoding=\"async\" class=\"size-medium wp-image-712\" src=\"http:\/\/foerderkreis-arco-iris.de\/wp-content\/uploads\/2014\/08\/p8020389-300x225.jpg\" alt=\"Typische Cholitas in den Stra\u00dfen von La Paz\" width=\"300\" height=\"225\" srcset=\"http:\/\/foerderkreis-arco-iris.de\/wp-content\/uploads\/2014\/08\/p8020389-300x225.jpg 300w, http:\/\/foerderkreis-arco-iris.de\/wp-content\/uploads\/2014\/08\/p8020389-1024x768.jpg 1024w, http:\/\/foerderkreis-arco-iris.de\/wp-content\/uploads\/2014\/08\/p8020389-600x450.jpg 600w, http:\/\/foerderkreis-arco-iris.de\/wp-content\/uploads\/2014\/08\/p8020389-190x142.jpg 190w, http:\/\/foerderkreis-arco-iris.de\/wp-content\/uploads\/2014\/08\/p8020389-60x45.jpg 60w, http:\/\/foerderkreis-arco-iris.de\/wp-content\/uploads\/2014\/08\/p8020389-400x300.jpg 400w\" sizes=\"auto, (max-width: 300px) 100vw, 300px\" \/><\/a><figcaption id=\"caption-attachment-712\" class=\"wp-caption-text\">Typische Cholitas in den Stra\u00dfen von La Paz<\/figcaption><\/figure>\n<figure id=\"attachment_719\" aria-describedby=\"caption-attachment-719\" style=\"width: 300px\" class=\"wp-caption alignnone\"><a href=\"http:\/\/foerderkreis-arco-iris.de\/wp-content\/uploads\/2014\/08\/dscn0217.jpg\"><img loading=\"lazy\" decoding=\"async\" class=\"size-medium wp-image-719\" src=\"http:\/\/foerderkreis-arco-iris.de\/wp-content\/uploads\/2014\/08\/dscn0217-300x225.jpg\" alt=\"Sie sind einfach \u00fcberall ;)\" width=\"300\" height=\"225\" srcset=\"http:\/\/foerderkreis-arco-iris.de\/wp-content\/uploads\/2014\/08\/dscn0217-300x225.jpg 300w, http:\/\/foerderkreis-arco-iris.de\/wp-content\/uploads\/2014\/08\/dscn0217-1024x768.jpg 1024w, http:\/\/foerderkreis-arco-iris.de\/wp-content\/uploads\/2014\/08\/dscn0217-600x450.jpg 600w, http:\/\/foerderkreis-arco-iris.de\/wp-content\/uploads\/2014\/08\/dscn0217-190x142.jpg 190w, http:\/\/foerderkreis-arco-iris.de\/wp-content\/uploads\/2014\/08\/dscn0217-60x45.jpg 60w, http:\/\/foerderkreis-arco-iris.de\/wp-content\/uploads\/2014\/08\/dscn0217-400x300.jpg 400w\" sizes=\"auto, (max-width: 300px) 100vw, 300px\" \/><\/a><figcaption id=\"caption-attachment-719\" class=\"wp-caption-text\">Sie sind einfach \u00fcberall \ud83d\ude09<\/figcaption><\/figure>\n<p>&nbsp;<\/p>\n<figure id=\"attachment_714\" aria-describedby=\"caption-attachment-714\" style=\"width: 300px\" class=\"wp-caption alignnone\"><a href=\"http:\/\/foerderkreis-arco-iris.de\/wp-content\/uploads\/2014\/08\/sam_2854.jpg\"><img loading=\"lazy\" decoding=\"async\" class=\"size-medium wp-image-714\" src=\"http:\/\/foerderkreis-arco-iris.de\/wp-content\/uploads\/2014\/08\/sam_2854-300x225.jpg\" alt=\"Eine Unterkunft f\u00fcr die Bed\u00fcrftigen\" width=\"300\" height=\"225\" srcset=\"http:\/\/foerderkreis-arco-iris.de\/wp-content\/uploads\/2014\/08\/sam_2854-300x225.jpg 300w, http:\/\/foerderkreis-arco-iris.de\/wp-content\/uploads\/2014\/08\/sam_2854-1024x768.jpg 1024w, http:\/\/foerderkreis-arco-iris.de\/wp-content\/uploads\/2014\/08\/sam_2854-600x450.jpg 600w, http:\/\/foerderkreis-arco-iris.de\/wp-content\/uploads\/2014\/08\/sam_2854-190x142.jpg 190w, http:\/\/foerderkreis-arco-iris.de\/wp-content\/uploads\/2014\/08\/sam_2854-60x45.jpg 60w, http:\/\/foerderkreis-arco-iris.de\/wp-content\/uploads\/2014\/08\/sam_2854-400x300.jpg 400w\" sizes=\"auto, (max-width: 300px) 100vw, 300px\" \/><\/a><figcaption id=\"caption-attachment-714\" class=\"wp-caption-text\">Eine Unterkunft f\u00fcr die Bed\u00fcrftigen<\/figcaption><\/figure>\n<p>&nbsp;<\/p>\n<figure id=\"attachment_724\" aria-describedby=\"caption-attachment-724\" style=\"width: 225px\" class=\"wp-caption alignnone\"><a href=\"http:\/\/foerderkreis-arco-iris.de\/wp-content\/uploads\/2014\/08\/sam_2855.jpg\"><img loading=\"lazy\" decoding=\"async\" class=\"size-medium wp-image-724\" src=\"http:\/\/foerderkreis-arco-iris.de\/wp-content\/uploads\/2014\/08\/sam_2855-225x300.jpg\" alt=\"Die F\u00fc\u00dfchen sind von der K\u00e4lte ganz schrumpelig - Handschuhe werden zu Socken umfunktioniert\" width=\"225\" height=\"300\" srcset=\"http:\/\/foerderkreis-arco-iris.de\/wp-content\/uploads\/2014\/08\/sam_2855-225x300.jpg 225w, http:\/\/foerderkreis-arco-iris.de\/wp-content\/uploads\/2014\/08\/sam_2855-768x1024.jpg 768w, http:\/\/foerderkreis-arco-iris.de\/wp-content\/uploads\/2014\/08\/sam_2855-600x800.jpg 600w, http:\/\/foerderkreis-arco-iris.de\/wp-content\/uploads\/2014\/08\/sam_2855-142x190.jpg 142w, http:\/\/foerderkreis-arco-iris.de\/wp-content\/uploads\/2014\/08\/sam_2855-60x80.jpg 60w, http:\/\/foerderkreis-arco-iris.de\/wp-content\/uploads\/2014\/08\/sam_2855-251x335.jpg 251w, http:\/\/foerderkreis-arco-iris.de\/wp-content\/uploads\/2014\/08\/sam_2855.jpg 1944w\" sizes=\"auto, (max-width: 225px) 100vw, 225px\" \/><\/a><figcaption id=\"caption-attachment-724\" class=\"wp-caption-text\">Die F\u00fc\u00dfchen sind von der K\u00e4lte ganz schrumpelig &#8211; Handschuhe werden zu Socken umfunktioniert<\/figcaption><\/figure>\n<p>&nbsp;<\/p>\n<figure id=\"attachment_716\" aria-describedby=\"caption-attachment-716\" style=\"width: 300px\" class=\"wp-caption alignnone\"><a href=\"http:\/\/foerderkreis-arco-iris.de\/wp-content\/uploads\/2014\/08\/sam_2927.jpg\"><img loading=\"lazy\" decoding=\"async\" class=\"wp-image-716 size-medium\" src=\"http:\/\/foerderkreis-arco-iris.de\/wp-content\/uploads\/2014\/08\/sam_2927-300x225.jpg\" alt=\"SAM_2927\" width=\"300\" height=\"225\" srcset=\"http:\/\/foerderkreis-arco-iris.de\/wp-content\/uploads\/2014\/08\/sam_2927-300x225.jpg 300w, http:\/\/foerderkreis-arco-iris.de\/wp-content\/uploads\/2014\/08\/sam_2927-1024x768.jpg 1024w, http:\/\/foerderkreis-arco-iris.de\/wp-content\/uploads\/2014\/08\/sam_2927-600x450.jpg 600w, http:\/\/foerderkreis-arco-iris.de\/wp-content\/uploads\/2014\/08\/sam_2927-190x142.jpg 190w, http:\/\/foerderkreis-arco-iris.de\/wp-content\/uploads\/2014\/08\/sam_2927-60x45.jpg 60w, http:\/\/foerderkreis-arco-iris.de\/wp-content\/uploads\/2014\/08\/sam_2927-400x300.jpg 400w\" sizes=\"auto, (max-width: 300px) 100vw, 300px\" \/><\/a><figcaption id=\"caption-attachment-716\" class=\"wp-caption-text\">\u00dcber das Bild und die neuen Paar Schuhe ihres Kindes hat sich die junge Cholita sehr gefreut \ud83d\ude42<\/figcaption><\/figure>\n<p>&nbsp;<\/p>\n<p><a href=\"http:\/\/foerderkreis-arco-iris.de\/wp-content\/uploads\/2014\/08\/sam_2887.jpg\"><img loading=\"lazy\" decoding=\"async\" class=\"alignnone size-medium wp-image-715\" src=\"http:\/\/foerderkreis-arco-iris.de\/wp-content\/uploads\/2014\/08\/sam_2887-300x225.jpg\" alt=\"SAM_2887\" width=\"300\" height=\"225\" srcset=\"http:\/\/foerderkreis-arco-iris.de\/wp-content\/uploads\/2014\/08\/sam_2887-300x225.jpg 300w, http:\/\/foerderkreis-arco-iris.de\/wp-content\/uploads\/2014\/08\/sam_2887-1024x768.jpg 1024w, http:\/\/foerderkreis-arco-iris.de\/wp-content\/uploads\/2014\/08\/sam_2887-600x450.jpg 600w, http:\/\/foerderkreis-arco-iris.de\/wp-content\/uploads\/2014\/08\/sam_2887-190x142.jpg 190w, http:\/\/foerderkreis-arco-iris.de\/wp-content\/uploads\/2014\/08\/sam_2887-60x45.jpg 60w, http:\/\/foerderkreis-arco-iris.de\/wp-content\/uploads\/2014\/08\/sam_2887-400x300.jpg 400w\" sizes=\"auto, (max-width: 300px) 100vw, 300px\" \/><\/a><\/p>\n<figure id=\"attachment_717\" aria-describedby=\"caption-attachment-717\" style=\"width: 303px\" class=\"wp-caption alignnone\"><a href=\"http:\/\/foerderkreis-arco-iris.de\/wp-content\/uploads\/2014\/08\/img_0253.jpg\"><img loading=\"lazy\" decoding=\"async\" class=\" wp-image-717\" src=\"http:\/\/foerderkreis-arco-iris.de\/wp-content\/uploads\/2014\/08\/img_0253-300x225.jpg\" alt=\"Der Teufelszahn auf stolzen 4200 Metern\" width=\"303\" height=\"227\" srcset=\"http:\/\/foerderkreis-arco-iris.de\/wp-content\/uploads\/2014\/08\/img_0253-300x225.jpg 300w, http:\/\/foerderkreis-arco-iris.de\/wp-content\/uploads\/2014\/08\/img_0253-1024x768.jpg 1024w, http:\/\/foerderkreis-arco-iris.de\/wp-content\/uploads\/2014\/08\/img_0253-600x450.jpg 600w, http:\/\/foerderkreis-arco-iris.de\/wp-content\/uploads\/2014\/08\/img_0253-190x142.jpg 190w, http:\/\/foerderkreis-arco-iris.de\/wp-content\/uploads\/2014\/08\/img_0253-60x45.jpg 60w, http:\/\/foerderkreis-arco-iris.de\/wp-content\/uploads\/2014\/08\/img_0253-400x300.jpg 400w\" sizes=\"auto, (max-width: 303px) 100vw, 303px\" \/><\/a><figcaption id=\"caption-attachment-717\" class=\"wp-caption-text\">Der Teufelszahn auf stolzen 4200 Metern<\/figcaption><\/figure>\n<figure id=\"attachment_718\" aria-describedby=\"caption-attachment-718\" style=\"width: 300px\" class=\"wp-caption alignnone\"><a href=\"http:\/\/foerderkreis-arco-iris.de\/wp-content\/uploads\/2014\/08\/img_0202.jpg\"><img loading=\"lazy\" decoding=\"async\" class=\"size-medium wp-image-718\" src=\"http:\/\/foerderkreis-arco-iris.de\/wp-content\/uploads\/2014\/08\/img_0202-300x225.jpg\" alt=\"Auf dem Weg zum Teufelszahn mit La Paz im Hintergrund\" width=\"300\" height=\"225\" srcset=\"http:\/\/foerderkreis-arco-iris.de\/wp-content\/uploads\/2014\/08\/img_0202-300x225.jpg 300w, http:\/\/foerderkreis-arco-iris.de\/wp-content\/uploads\/2014\/08\/img_0202-1024x768.jpg 1024w, http:\/\/foerderkreis-arco-iris.de\/wp-content\/uploads\/2014\/08\/img_0202-600x450.jpg 600w, http:\/\/foerderkreis-arco-iris.de\/wp-content\/uploads\/2014\/08\/img_0202-190x142.jpg 190w, http:\/\/foerderkreis-arco-iris.de\/wp-content\/uploads\/2014\/08\/img_0202-60x45.jpg 60w, http:\/\/foerderkreis-arco-iris.de\/wp-content\/uploads\/2014\/08\/img_0202-400x300.jpg 400w\" sizes=\"auto, (max-width: 300px) 100vw, 300px\" \/><\/a><figcaption id=\"caption-attachment-718\" class=\"wp-caption-text\">Auf dem Weg zum Teufelszahn mit La Paz im Hintergrund<\/figcaption><\/figure>\n<figure id=\"attachment_710\" aria-describedby=\"caption-attachment-710\" style=\"width: 300px\" class=\"wp-caption alignnone\"><a href=\"http:\/\/foerderkreis-arco-iris.de\/wp-content\/uploads\/2014\/08\/p8020442.jpg\"><img loading=\"lazy\" decoding=\"async\" class=\"wp-image-710 size-medium\" src=\"http:\/\/foerderkreis-arco-iris.de\/wp-content\/uploads\/2014\/08\/p8020442-300x225.jpg\" alt=\"Das 'Hogar Ninjas Obrajes' auf dessen Gel\u00e4nde die Volunt\u00e4rswohnung ist\" width=\"300\" height=\"225\" srcset=\"http:\/\/foerderkreis-arco-iris.de\/wp-content\/uploads\/2014\/08\/p8020442-300x225.jpg 300w, http:\/\/foerderkreis-arco-iris.de\/wp-content\/uploads\/2014\/08\/p8020442-1024x768.jpg 1024w, http:\/\/foerderkreis-arco-iris.de\/wp-content\/uploads\/2014\/08\/p8020442-600x450.jpg 600w, http:\/\/foerderkreis-arco-iris.de\/wp-content\/uploads\/2014\/08\/p8020442-190x142.jpg 190w, http:\/\/foerderkreis-arco-iris.de\/wp-content\/uploads\/2014\/08\/p8020442-60x45.jpg 60w, http:\/\/foerderkreis-arco-iris.de\/wp-content\/uploads\/2014\/08\/p8020442-400x300.jpg 400w\" sizes=\"auto, (max-width: 300px) 100vw, 300px\" \/><\/a><figcaption id=\"caption-attachment-710\" class=\"wp-caption-text\">Das &#8218;Hogar Ninjas Obrajes&#8216;, auf dessen Gel\u00e4nde die Volunt\u00e4rswohnung ist<\/figcaption><\/figure>\n","protected":false},"excerpt":{"rendered":"<p>Hola!<\/p>\n<p>Seit ca. 1 Woche befinde ich mich nun auf bolivianischem Boden. Nach dem Start am Flughafen Frankfurt und einer Zwischenlandung in Bogogta bin ich mit meinen 16 anderen Mitvolunt\u00e4ren am Mittwoch, den 30.7. um 4 Uhr Morgens (Ortszeit) sicher am Flughafen in &#8218;El Alto&#8216; gelandet. Empfangen von unserer Volunt\u00e4rsbetreuerin Verena (und dem ein oder anderen streunernden Stra\u00dfenhund) brachten uns unsere Busfahrer Pablo und Paulo zun\u00e4chst in unsere Unterkunft nach La Paz. <a href=\"http:\/\/foerderkreis-arco-iris.de\/index.php\/die-erste-woche-in-la-paz\/#more-708\" class=\"more-link\"><span aria-label=\"Die erste Woche in La Paz weiterlesen\">(mehr\u00a0&hellip;)<\/span><\/a><\/p>\n","protected":false},"author":666667,"featured_media":712,"comment_status":"closed","ping_status":"closed","sticky":false,"template":"","format":"standard","meta":{"ngg_post_thumbnail":0,"footnotes":""},"categories":[6],"tags":[],"class_list":["post-708","post","type-post","status-publish","format-standard","has-post-thumbnail","hentry","category-carina-berichtet-aus-bolivien","col-sm-6"],"_links":{"self":[{"href":"http:\/\/foerderkreis-arco-iris.de\/index.php\/wp-json\/wp\/v2\/posts\/708","targetHints":{"allow":["GET"]}}],"collection":[{"href":"http:\/\/foerderkreis-arco-iris.de\/index.php\/wp-json\/wp\/v2\/posts"}],"about":[{"href":"http:\/\/foerderkreis-arco-iris.de\/index.php\/wp-json\/wp\/v2\/types\/post"}],"author":[{"embeddable":true,"href":"http:\/\/foerderkreis-arco-iris.de\/index.php\/wp-json\/wp\/v2\/users\/666667"}],"replies":[{"embeddable":true,"href":"http:\/\/foerderkreis-arco-iris.de\/index.php\/wp-json\/wp\/v2\/comments?post=708"}],"version-history":[{"count":0,"href":"http:\/\/foerderkreis-arco-iris.de\/index.php\/wp-json\/wp\/v2\/posts\/708\/revisions"}],"wp:featuredmedia":[{"embeddable":true,"href":"http:\/\/foerderkreis-arco-iris.de\/index.php\/wp-json\/wp\/v2\/media\/712"}],"wp:attachment":[{"href":"http:\/\/foerderkreis-arco-iris.de\/index.php\/wp-json\/wp\/v2\/media?parent=708"}],"wp:term":[{"taxonomy":"category","embeddable":true,"href":"http:\/\/foerderkreis-arco-iris.de\/index.php\/wp-json\/wp\/v2\/categories?post=708"},{"taxonomy":"post_tag","embeddable":true,"href":"http:\/\/foerderkreis-arco-iris.de\/index.php\/wp-json\/wp\/v2\/tags?post=708"}],"curies":[{"name":"wp","href":"https:\/\/api.w.org\/{rel}","templated":true}]}}